{"id":413,"date":"2026-08-31T11:04:43","date_gmt":"2026-08-31T09:04:43","guid":{"rendered":"https:\/\/rauv.pl\/blog\/?p=413"},"modified":"2026-08-31T13:21:29","modified_gmt":"2026-08-31T11:21:29","slug":"tapeta-na-suficie-czy-warto-dekorowac-piata-sciane","status":"publish","type":"post","link":"https:\/\/rauv.pl\/blog\/tapeta-na-suficie-czy-warto-dekorowac-piata-sciane\/","title":{"rendered":"Tapeta na suficie \u2013 czy warto dekorowa\u0107 \u201epi\u0105t\u0105 \u015bcian\u0119\u201d?"},"content":{"rendered":"\n<h1 class=\"wp-block-heading\"><\/h1>\n\n\n\n<p>Przez lata sufit pozostawa\u0142 najbardziej przewidywaln\u0105 powierzchni\u0105 we wn\u0119trzu. Bia\u0142y, neutralny i w\u0142a\u015bciwie niewidoczny. Dzi\u015b coraz cz\u0119\u015bciej projektanci patrz\u0105 na niego jak na pi\u0105t\u0105 \u015bcian\u0119, kt\u00f3ra mo\u017ce sta\u0107 si\u0119 pe\u0142noprawnym elementem aran\u017cacji. <a href=\"https:\/\/rauv.pl\/kategoria\/tapety\/rauv.tapety\">Tapeta <\/a>na suficie pozwala podkre\u015bli\u0107 charakter pomieszczenia, wp\u0142yn\u0105\u0107 na jego proporcje, wydzieli\u0107 konkretn\u0105 stref\u0119, a czasem stworzy\u0107 efekt, kt\u00f3rego trudno by\u0142oby osi\u0105gn\u0105\u0107 za pomoc\u0105 klasycznej dekoracji \u015bciennej.<\/p>\n\n\n\n<p>Co wa\u017cne, nie musi oznacza\u0107 intensywnego koloru czy bardzo dekoracyjnego wzoru. Subtelne struktury, motywy ro\u015blinne, malarskie abstrakcje czy kompozycje przypominaj\u0105ce freski mog\u0105 sprawi\u0107, \u017ce sufit b\u0119dzie interesuj\u0105cy, ale nadal harmonijnie po\u0142\u0105czony z ca\u0142ym wn\u0119trzem. Kluczem jest odpowiednie dopasowanie wzoru do wysoko\u015bci pomieszczenia, jego funkcji, \u015bwiat\u0142a i pozosta\u0142ych materia\u0142\u00f3w.<\/p>\n\n\n\n<h2 class=\"wp-block-heading\"><strong>Tapeta na suficie \u2013 trend czy spos\u00f3b na zupe\u0142nie inne wn\u0119trze?<\/strong><\/h2>\n\n\n\n<p>Dekoracyjny sufit zdecydowanie przyci\u0105ga uwag\u0119, ale jego rola nie musi ogranicza\u0107 si\u0119 do efektu WOW. <a href=\"https:\/\/rauv.pl\/kategoria\/tapety\/rauv.tapety\">Tapeta <\/a>umieszczona w tym miejscu zmienia spos\u00f3b, w jaki odbieramy ca\u0142\u0105 przestrze\u0144. Wzrok nie zatrzymuje si\u0119 ju\u017c wy\u0142\u0105cznie na \u015bcianach, meblach i pod\u0142odze. Do projektu dochodzi kolejna p\u0142aszczyzna, kt\u00f3ra mo\u017ce budowa\u0107 atmosfer\u0119 i wizualnie spaja\u0107 aran\u017cacj\u0119.<\/p>\n\n\n\n<p>Tapeta na suficie mo\u017ce te\u017c zast\u0105pi\u0107 klasyczn\u0105 \u015bcian\u0119 akcentow\u0105. To szczeg\u00f3lnie ciekawe rozwi\u0105zanie we wn\u0119trzach, w kt\u00f3rych \u015bciany zajmuje zabudowa meblowa, du\u017ce przeszklenia, obrazy czy inne dekoracyjne materia\u0142y.<\/p>\n\n\n\n<p>Nie zawsze trzeba przy tym tapetowa\u0107 ca\u0142y sufit. Wz\u00f3r mo\u017ce pojawi\u0107 si\u0119 tylko nad sto\u0142em, wysp\u0105 kuchenn\u0105, \u0142\u00f3\u017ckiem czy cz\u0119\u015bci\u0105 wypoczynkow\u0105. W otwartej przestrzeni pozwala w ten spos\u00f3b wizualnie wydzieli\u0107 konkretn\u0105 stref\u0119 bez stawiania dodatkowych \u015bcian czy przegr\u00f3d.<\/p>\n\n\n\n<h2 class=\"wp-block-heading\"><strong>Jaki wz\u00f3r sprawdzi si\u0119 najlepiej?<\/strong><\/h2>\n\n\n\n<p>Nie istnieje jeden rodzaj tapety, kt\u00f3ry b\u0119dzie odpowiedni do ka\u017cdego wn\u0119trza. Przy wyborze warto spojrze\u0107 nie tylko na sam wz\u00f3r, ale r\u00f3wnie\u017c na architektur\u0119 i charakter ca\u0142ego pomieszczenia.<\/p>\n\n\n\n<p>Przy wyborze <a href=\"https:\/\/rauv.pl\/kategoria\/tapety\/rauv.tapety\">tapety <\/a>na sufit warto zwr\u00f3ci\u0107 uwag\u0119 przede wszystkim na:<\/p>\n\n\n\n<ul class=\"wp-block-list\">\n<li><strong>wysoko\u015b\u0107 pomieszczenia<\/strong> \u2013 przy niskim suficie lepiej sprawdz\u0105 si\u0119 l\u017cejsze i mniej kontrastowe kompozycje,<\/li>\n\n\n\n<li><strong>skal\u0119 wzoru<\/strong> \u2013 wi\u0119ksze motywy pozostaj\u0105 dobrze widoczne r\u00f3wnie\u017c z dalszej perspektywy,<\/li>\n\n\n\n<li><strong>kolorystyk\u0119<\/strong> \u2013 jasne odcienie daj\u0105 l\u017cejszy efekt, a ciemniejsze mog\u0105 wizualnie domkn\u0105\u0107 wysok\u0105 przestrze\u0144,<\/li>\n\n\n\n<li><strong>o\u015bwietlenie<\/strong> \u2013 zar\u00f3wno \u015bwiat\u0142o dzienne, jak i rozmieszczenie lamp wp\u0142ywaj\u0105 na odbi\u00f3r wzoru.<\/li>\n<\/ul>\n\n\n\n<p>W spokojnych aran\u017cacjach dobrze odnajduj\u0105 si\u0119 <a href=\"https:\/\/rauv.pl\/kategoria\/tapety\/rauv.tapety?styl-wnetrza%5B%5D=naturalny-organic\">motywy organiczne<\/a>, <a href=\"https:\/\/rauv.pl\/kategoria\/tapety\/rauv.tapety?styl-wnetrza%5B%5D=boho&amp;motyw%5B%5D=kwiaty\">ro\u015blinne<\/a>, <a href=\"https:\/\/rauv.pl\/kategoria\/tapety\/rauv.tapety?motyw%5B%5D=struktury\">strukturalne <\/a>i subtelne <a href=\"https:\/\/rauv.pl\/kategoria\/tapety\/rauv.tapety?styl-wnetrza%5B%5D=artystyczny&amp;motyw%5B%5D=abstrakcja\">abstrakcje<\/a>. Be\u017ce, z\u0142amane biele, ciep\u0142e szaro\u015bci czy rozbielone pastele pozwalaj\u0105 udekorowa\u0107 sufit bez jego wizualnego obci\u0105\u017cania. To dobry kierunek mi\u0119dzy innymi do wn\u0119trz japandi, modern organic czy minimalistycznych.<\/p>\n\n\n\n<p>W przestronnych wn\u0119trzach mo\u017cna pozwoli\u0107 sobie na wi\u0119ksz\u0105 skal\u0119 i bardziej zdecydowan\u0105 kompozycj\u0119. Artystyczny mural, du\u017ce kwiaty, abstrakcja czy wz\u00f3r inspirowany malarstwem mog\u0105 sprawi\u0107, \u017ce sufit zacznie przypomina\u0107 wielkoformatowe dzie\u0142o sztuki.<\/p>\n\n\n\n<h2 class=\"wp-block-heading\"><strong>Jak dopasowa\u0107 dekoracj\u0119 sufitu do wielko\u015bci pomieszczenia?<\/strong><\/h2>\n\n\n\n<p>Jedna z najcz\u0119stszych obaw brzmi: czy tapeta na suficie optycznie obni\u017cy wn\u0119trze? Mo\u017ce, ale nie jest to regu\u0142\u0105. Du\u017co wi\u0119ksze znaczenie maj\u0105 kolor, kontrast, skala i g\u0119sto\u015b\u0107 wzoru.<\/p>\n\n\n\n<p>W niewielkim lub niskim pomieszczeniu warto ostro\u017cniej podchodzi\u0107 do bardzo ciemnych i mocno kontrastowych kompozycji. Jasna tapeta o subtelnym wzorze mo\u017ce natomiast nada\u0107 sufitowi g\u0142\u0119bi bez wra\u017cenia ci\u0119\u017cko\u015bci. Dobrym rozwi\u0105zaniem jest r\u00f3wnie\u017c wykorzystanie zbli\u017conych tonacji na \u015bcianach i suficie. Brak mocnego odci\u0119cia pomi\u0119dzy powierzchniami sprawia, \u017ce granice wn\u0119trza staj\u0105 si\u0119 mniej oczywiste.<\/p>\n\n\n\n<p>W wysokich pomieszczeniach mo\u017cna zastosowa\u0107 odwrotn\u0105 zasad\u0119. Ciemniejszy lub bardziej zdecydowany sufit wizualnie \u201edomyka\u201d przestrze\u0144 i mo\u017ce sprawi\u0107, \u017ce stanie si\u0119 bardziej kameralna. To ciekawy kierunek mi\u0119dzy innymi w wysokich mieszkaniach w kamienicach, przestronnych salonach czy sypialniach.<\/p>\n\n\n\n<p>Zamiast wi\u0119c pyta\u0107, czy tapeta nadaje si\u0119 do ma\u0142ego albo niskiego wn\u0119trza, lepiej zastanowi\u0107 si\u0119, jaki wz\u00f3r pomo\u017ce uzyska\u0107 odpowiednie proporcje w konkretnej przestrzeni.<\/p>\n\n\n\n<h2 class=\"wp-block-heading\"><strong>Gdzie tapeta na suficie daje najlepszy efekt?<\/strong><\/h2>\n\n\n\n<p>Jednym z najbardziej naturalnych miejsc jest sypialnia. To w\u0142a\u015bnie tutaj sufit znajduje si\u0119 w naszym polu widzenia cz\u0119\u015bciej ni\u017c w wi\u0119kszo\u015bci innych pomieszcze\u0144. Delikatne kwiaty, ro\u015blinno\u015b\u0107, mi\u0119kka abstrakcja czy kompozycja inspirowana natur\u0105 mog\u0105 stworzy\u0107 spokojny, niemal otulaj\u0105cy efekt. Ciekawie wygl\u0105da r\u00f3wnie\u017c tapeta rozpoczynaj\u0105ca si\u0119 za zag\u0142\u00f3wkiem i p\u0142ynnie przechodz\u0105ca na sufit.<\/p>\n\n\n\n<p>W salonie i jadalni mo\u017cna potraktowa\u0107 j\u0105 bardziej artystycznie. Wz\u00f3r nad sto\u0142em w po\u0142\u0105czeniu z efektown\u0105 lamp\u0105 mo\u017ce stworzy\u0107 centralny punkt ca\u0142ej aran\u017cacji. Z kolei fragment <a href=\"https:\/\/rauv.pl\/kategoria\/tapety\/rauv.tapety\">tapety <\/a>nad cz\u0119\u015bci\u0105 wypoczynkow\u0105 pomaga wizualnie wyodr\u0119bni\u0107 j\u0105 w otwartym salonie.<\/p>\n\n\n\n<p>Du\u017ce mo\u017cliwo\u015bci daje tak\u017ce pok\u00f3j <a href=\"https:\/\/rauv.pl\/kategoria\/rauv-kids\/tapety-dzieciece\">dzieci\u0119cy<\/a>. Sufit mo\u017ce sta\u0107 si\u0119 niebem, ogrodem lub ilustracyjn\u0105 krain\u0105, podczas gdy \u015bciany pozostaj\u0105 dost\u0119pne dla mebli, p\u00f3\u0142ek i miejsca do zabawy.<\/p>\n\n\n\n<p>Tapeta mo\u017ce pojawi\u0107 si\u0119 r\u00f3wnie\u017c w \u0142azience, jednak tutaj nale\u017cy uwzgl\u0119dni\u0107 podwy\u017cszon\u0105 wilgotno\u015b\u0107. W przypadku RAUV rozwi\u0105zaniem umo\u017cliwiaj\u0105cym wykorzystanie tapety w wymagaj\u0105cych przestrzeniach jest odpowiedni<a href=\"https:\/\/rauv.pl\/p\/system-wet\"> system WET<\/a>, kt\u00f3ry zabezpiecza powierzchni\u0119 przed dzia\u0142aniem wody, wilgoci, zabrudzeniami i uszkodzeniami. W takich realizacjach szczeg\u00f3lnie wa\u017cne s\u0105 w\u0142a\u015bciwe przygotowanie powierzchni i profesjonalny monta\u017c.<\/p>\n\n\n\n<h2 class=\"wp-block-heading\"><strong>Tylko sufit czy r\u00f3wnie\u017c \u015bciany?<\/strong><\/h2>\n\n\n\n<p>Oba rozwi\u0105zania mog\u0105 wygl\u0105da\u0107 efektownie, ale daj\u0105 zupe\u0142nie inny rezultat.<\/p>\n\n\n\n<p><strong><a href=\"https:\/\/rauv.pl\/kategoria\/tapety\/rauv.tapety?styl-wnetrza%5B%5D=minimalistyczny\">Tapeta <\/a><\/strong>wy\u0142\u0105cznie na suficie dobrze sprawdzi si\u0119 wtedy, gdy \u015bciany maj\u0105 pozosta\u0107 spokojnym t\u0142em. Przy prostych meblach, jednolitych powierzchniach i ograniczonej palecie kolorystycznej dekoracyjny sufit staje si\u0119 nieoczywistym punktem centralnym. To spos\u00f3b na wprowadzenie sztuki i wzoru r\u00f3wnie\u017c do minimalistycznego wn\u0119trza.<\/p>\n\n\n\n<p>Drugi kierunek to kontynuacja tapety ze \u015bciany na sufit. Zamiast dw\u00f3ch wyra\u017anie oddzielonych p\u0142aszczyzn powstaje jedna p\u0142ynna kompozycja. Wz\u00f3r mo\u017ce otacza\u0107 \u0142\u00f3\u017cko, sof\u0119 czy st\u00f3\u0142, tworz\u0105c bardziej przestrzenny, niemal immersyjny efekt.<\/p>\n\n\n\n<p>Mo\u017cna p\u00f3j\u015b\u0107 jeszcze dalej i zastosowa\u0107 tapet\u0119 zar\u00f3wno na suficie, jak i wi\u0119kszej liczbie \u015bcian. Przy takiej aran\u017cacji szczeg\u00f3lnie wa\u017cna jest jednak r\u00f3wnowaga. Je\u015bli wz\u00f3r ma gra\u0107 g\u0142\u00f3wn\u0105 rol\u0119, meble, tekstylia i pozosta\u0142e dekoracje powinny pozostawi\u0107 mu odpowiednio du\u017co wizualnego oddechu.<\/p>\n\n\n\n<h2 class=\"wp-block-heading\"><strong>O czym pami\u0119ta\u0107 przed monta\u017cem?<\/strong><\/h2>\n\n\n\n<p>W przypadku sufitu liczy si\u0119 nie tylko wyb\u00f3r odpowiedniego wzoru. R\u00f3wnie wa\u017cne s\u0105 przygotowanie powierzchni, dok\u0142adny pomiar i zaplanowanie kompozycji jeszcze przed rozpocz\u0119ciem monta\u017cu.<\/p>\n\n\n\n<p>Przed zam\u00f3wieniem i monta\u017cem tapety na suficie warto:<\/p>\n\n\n\n<ul class=\"wp-block-list\">\n<li>dok\u0142adnie zmierzy\u0107 ca\u0142\u0105 powierzchni\u0119,<\/li>\n\n\n\n<li>wyr\u00f3wna\u0107 i odpowiednio przygotowa\u0107 pod\u0142o\u017ce,<\/li>\n\n\n\n<li>uwzgl\u0119dni\u0107 po\u0142o\u017cenie lamp, sztukaterii, belek i innych element\u00f3w,<\/li>\n\n\n\n<li>zaplanowa\u0107 kadrowanie wzoru wzgl\u0119dem pomieszczenia,<\/li>\n\n\n\n<li>przy wi\u0119kszych muralach powierzy\u0107 monta\u017c do\u015bwiadczonemu specjali\u015bcie.<\/li>\n<\/ul>\n\n\n\n<p>Sufit powinien by\u0107 r\u00f3wny, stabilny, suchy, czysty i pozbawiony lu\u017anych fragment\u00f3w farby. Wi\u0119ksze p\u0119kni\u0119cia czy nier\u00f3wno\u015bci nale\u017cy wcze\u015bniej wyr\u00f3wna\u0107, a pod\u0142o\u017ce przygotowa\u0107 odpowiednio do zastosowanego materia\u0142u i kleju.<\/p>\n\n\n\n<p>Szczeg\u00f3lne znaczenie ma kompozycja<a href=\"https:\/\/rauv.pl\/kategoria\/tapety\/rauv.tapety\"> <strong>tapety wykonywanej na wymiar<\/strong><\/a>. Je\u015bli najwa\u017cniejszym elementem wzoru jest du\u017cy kwiat, posta\u0107 czy charakterystyczny detal, dobrze zaplanowa\u0107 jego po\u0142o\u017cenie tak, aby nie zosta\u0142 przypadkowo przeci\u0119ty przez lamp\u0119 lub inny element sufitu.<\/p>\n\n\n\n<p>Warto te\u017c pami\u0119ta\u0107, \u017ce mural na suficie ogl\u0105damy z zupe\u0142nie innej perspektywy ni\u017c tapet\u0119 na \u015bcianie. Licz\u0105 si\u0119 wi\u0119c nie tylko wymiary powierzchni, ale tak\u017ce kierunek kompozycji i miejsce, z kt\u00f3rego najcz\u0119\u015bciej b\u0119dzie na ni\u0105 pada\u0142 wzrok.<\/p>\n\n\n\n<p>Sam monta\u017c jest bardziej wymagaj\u0105cy ni\u017c tapetowanie pionowej \u015bciany. Kolejne bryty musz\u0105 zosta\u0107 precyzyjnie u\u0142o\u017cone, a wz\u00f3r dok\u0142adnie po\u0142\u0105czony, dlatego przy du\u017cych tapetach artystycznych rekomendujemy skorzystanie z pomocy do\u015bwiadczonego monta\u017cysty.<\/p>\n\n\n\n<figure class=\"wp-block-image size-large\"><img loading=\"lazy\" decoding=\"async\" width=\"1024\" height=\"683\" src=\"https:\/\/rauv.pl\/blog\/wp-content\/uploads\/2026\/08\/zdjecia-na-blogi-1-1-1024x683.jpg\" alt=\"\" class=\"wp-image-415\" srcset=\"https:\/\/rauv.pl\/blog\/wp-content\/uploads\/2026\/08\/zdjecia-na-blogi-1-1-1024x683.jpg 1024w, https:\/\/rauv.pl\/blog\/wp-content\/uploads\/2026\/08\/zdjecia-na-blogi-1-1-300x200.jpg 300w, https:\/\/rauv.pl\/blog\/wp-content\/uploads\/2026\/08\/zdjecia-na-blogi-1-1-768x512.jpg 768w, https:\/\/rauv.pl\/blog\/wp-content\/uploads\/2026\/08\/zdjecia-na-blogi-1-1.jpg 1200w\" sizes=\"auto, (max-width: 1024px) 100vw, 1024px\" \/><\/figure>\n\n\n\n<h2 class=\"wp-block-heading\"><strong>Pi\u0105ta \u015bciana, kt\u00f3ra mo\u017ce zagra\u0107 pierwsz\u0105 rol\u0119<\/strong><\/h2>\n\n\n\n<p><a href=\"https:\/\/rauv.pl\/kategoria\/tapety\/rauv.tapety?styl-wnetrza%5B%5D=minimalistyczny\">Tapeta<\/a> na suficie mo\u017ce by\u0107 subtelnym uzupe\u0142nieniem aran\u017cacji albo jej najbardziej spektakularnym elementem. Wszystko zale\u017cy od wzoru, kolorystyki, skali i sposobu po\u0142\u0105czenia jej z pozosta\u0142ymi materia\u0142ami.<\/p>\n\n\n\n<p>W niewielkiej sypialni mo\u017ce stworzy\u0107 spokojn\u0105, otulaj\u0105c\u0105 atmosfer\u0119. W wysokim salonie pom\u00f3c zmieni\u0107 odbi\u00f3r proporcji przestrzeni. W jadalni zaznaczy\u0107 stref\u0119 sto\u0142u, a w pokoju dzieci\u0119cym zamieni\u0107 sufit w zupe\u0142nie now\u0105 cz\u0119\u015b\u0107 opowiadanej przez wn\u0119trze historii.<\/p>\n\n\n\n<p>Najwa\u017cniejsze jest spojrzenie na sufit jako cz\u0119\u015b\u0107 ca\u0142ego projektu, a nie powierzchni\u0119, kt\u00f3ra z za\u0142o\u017cenia powinna pozosta\u0107 bia\u0142a. Dobrze dopasowana tapeta na suficie mo\u017ce zmieni\u0107 charakter ca\u0142ego wn\u0119trza i sprawi\u0107, \u017ce \u201epi\u0105ta \u015bciana\u201d stanie si\u0119 t\u0105 najbardziej zaskakuj\u0105c\u0105.<\/p>\n\n\n\n<p><\/p>\n","protected":false},"excerpt":{"rendered":"<p>Przez lata sufit pozostawa\u0142 najbardziej przewidywaln\u0105 powierzchni\u0105 we wn\u0119trzu. Bia\u0142y, neutralny i w\u0142a\u015bciwie niewidoczny. Dzi\u015b coraz cz\u0119\u015bciej projektanci patrz\u0105 na niego jak na pi\u0105t\u0105 \u015bcian\u0119, kt\u00f3ra mo\u017ce sta\u0107 si\u0119 pe\u0142noprawnym elementem aran\u017cacji. Tapeta na suficie pozwala podkre\u015bli\u0107 charakter pomieszczenia, wp\u0142yn\u0105\u0107 na jego proporcje, wydzieli\u0107 konkretn\u0105 stref\u0119, a czasem stworzy\u0107 efekt, kt\u00f3rego trudno by\u0142oby osi\u0105gn\u0105\u0107 za [&hellip;]<\/p>\n","protected":false},"author":3,"featured_media":416,"comment_status":"open","ping_status":"open","sticky":false,"template":"","format":"standard","meta":{"_acf_changed":false,"footnotes":""},"categories":[14],"tags":[10,15,18,12],"class_list":["post-413","post","type-post","status-publish","format-standard","has-post-thumbnail","hentry","category-inspiracje-rauv","tag-idealna-tapeta-do-salonu","tag-porady","tag-tapety","tag-wymarzona-tapeta"],"acf":[],"yoast_head":"<!-- This site is optimized with the Yoast SEO plugin v28.1 - https:\/\/yoast.com\/product\/yoast-seo-wordpress\/ -->\n<title>Tapeta na suficie \u2013 czy warto dekorowa\u0107 \u201epi\u0105t\u0105 \u015bcian\u0119\u201d? - Rauv<\/title>\n<meta name=\"robots\" content=\"index, follow, max-snippet:-1, max-image-preview:large, max-video-preview:-1\" \/>\n<link rel=\"canonical\" href=\"https:\/\/rauv.pl\/blog\/tapeta-na-suficie-czy-warto-dekorowac-piata-sciane\/\" \/>\n<meta property=\"og:locale\" content=\"pl_PL\" \/>\n<meta property=\"og:type\" content=\"article\" \/>\n<meta property=\"og:title\" content=\"Tapeta na suficie \u2013 czy warto dekorowa\u0107 \u201epi\u0105t\u0105 \u015bcian\u0119\u201d? - Rauv\" \/>\n<meta property=\"og:description\" content=\"Przez lata sufit pozostawa\u0142 najbardziej przewidywaln\u0105 powierzchni\u0105 we wn\u0119trzu. Bia\u0142y, neutralny i w\u0142a\u015bciwie niewidoczny. Dzi\u015b coraz cz\u0119\u015bciej projektanci patrz\u0105 na niego jak na pi\u0105t\u0105 \u015bcian\u0119, kt\u00f3ra mo\u017ce sta\u0107 si\u0119 pe\u0142noprawnym elementem aran\u017cacji. Tapeta na suficie pozwala podkre\u015bli\u0107 charakter pomieszczenia, wp\u0142yn\u0105\u0107 na jego proporcje, wydzieli\u0107 konkretn\u0105 stref\u0119, a czasem stworzy\u0107 efekt, kt\u00f3rego trudno by\u0142oby osi\u0105gn\u0105\u0107 za [&hellip;]\" \/>\n<meta property=\"og:url\" content=\"https:\/\/rauv.pl\/blog\/tapeta-na-suficie-czy-warto-dekorowac-piata-sciane\/\" \/>\n<meta property=\"og:site_name\" content=\"Rauv\" \/>\n<meta property=\"article:published_time\" content=\"2026-08-31T09:04:43+00:00\" \/>\n<meta property=\"article:modified_time\" content=\"2026-08-31T11:21:29+00:00\" \/>\n<meta property=\"og:image\" content=\"https:\/\/rauv.pl\/blog\/wp-content\/uploads\/2026\/08\/zdjecia-na-blogi-2.jpg\" \/>\n\t<meta property=\"og:image:width\" content=\"1200\" \/>\n\t<meta property=\"og:image:height\" content=\"800\" \/>\n\t<meta property=\"og:image:type\" content=\"image\/jpeg\" \/>\n<meta name=\"author\" content=\"Kasia Marciniak\" \/>\n<meta name=\"twitter:card\" content=\"summary_large_image\" \/>\n<meta name=\"twitter:label1\" content=\"Napisane przez\" \/>\n\t<meta name=\"twitter:data1\" content=\"Kasia Marciniak\" \/>\n\t<meta name=\"twitter:label2\" content=\"Szacowany czas czytania\" \/>\n\t<meta name=\"twitter:data2\" content=\"8 minut\" \/>\n<script type=\"application\/ld+json\" class=\"yoast-schema-graph\">{\"@context\":\"https:\\\/\\\/schema.org\",\"@graph\":[{\"@type\":\"Article\",\"@id\":\"https:\\\/\\\/rauv.pl\\\/blog\\\/tapeta-na-suficie-czy-warto-dekorowac-piata-sciane\\\/#article\",\"isPartOf\":{\"@id\":\"https:\\\/\\\/rauv.pl\\\/blog\\\/tapeta-na-suficie-czy-warto-dekorowac-piata-sciane\\\/\"},\"author\":{\"name\":\"Kasia Marciniak\",\"@id\":\"https:\\\/\\\/rauv.pl\\\/blog\\\/#\\\/schema\\\/person\\\/388516ec9dbb6f9dc25a959f879cbddc\"},\"headline\":\"Tapeta na suficie \u2013 czy warto dekorowa\u0107 \u201epi\u0105t\u0105 \u015bcian\u0119\u201d?\",\"datePublished\":\"2026-08-31T09:04:43+00:00\",\"dateModified\":\"2026-08-31T11:21:29+00:00\",\"mainEntityOfPage\":{\"@id\":\"https:\\\/\\\/rauv.pl\\\/blog\\\/tapeta-na-suficie-czy-warto-dekorowac-piata-sciane\\\/\"},\"wordCount\":1435,\"commentCount\":0,\"image\":{\"@id\":\"https:\\\/\\\/rauv.pl\\\/blog\\\/tapeta-na-suficie-czy-warto-dekorowac-piata-sciane\\\/#primaryimage\"},\"thumbnailUrl\":\"https:\\\/\\\/rauv.pl\\\/blog\\\/wp-content\\\/uploads\\\/2026\\\/08\\\/zdjecia-na-blogi-2.jpg\",\"keywords\":[\"idealna tapeta do salonu\",\"porady\",\"tapety\",\"wymarzona tapeta\"],\"articleSection\":[\"INSPIRACJE RAUV\"],\"inLanguage\":\"pl-PL\",\"potentialAction\":[{\"@type\":\"CommentAction\",\"name\":\"Comment\",\"target\":[\"https:\\\/\\\/rauv.pl\\\/blog\\\/tapeta-na-suficie-czy-warto-dekorowac-piata-sciane\\\/#respond\"]}]},{\"@type\":\"WebPage\",\"@id\":\"https:\\\/\\\/rauv.pl\\\/blog\\\/tapeta-na-suficie-czy-warto-dekorowac-piata-sciane\\\/\",\"url\":\"https:\\\/\\\/rauv.pl\\\/blog\\\/tapeta-na-suficie-czy-warto-dekorowac-piata-sciane\\\/\",\"name\":\"Tapeta na suficie \u2013 czy warto dekorowa\u0107 \u201epi\u0105t\u0105 \u015bcian\u0119\u201d? - Rauv\",\"isPartOf\":{\"@id\":\"https:\\\/\\\/rauv.pl\\\/blog\\\/#website\"},\"primaryImageOfPage\":{\"@id\":\"https:\\\/\\\/rauv.pl\\\/blog\\\/tapeta-na-suficie-czy-warto-dekorowac-piata-sciane\\\/#primaryimage\"},\"image\":{\"@id\":\"https:\\\/\\\/rauv.pl\\\/blog\\\/tapeta-na-suficie-czy-warto-dekorowac-piata-sciane\\\/#primaryimage\"},\"thumbnailUrl\":\"https:\\\/\\\/rauv.pl\\\/blog\\\/wp-content\\\/uploads\\\/2026\\\/08\\\/zdjecia-na-blogi-2.jpg\",\"datePublished\":\"2026-08-31T09:04:43+00:00\",\"dateModified\":\"2026-08-31T11:21:29+00:00\",\"author\":{\"@id\":\"https:\\\/\\\/rauv.pl\\\/blog\\\/#\\\/schema\\\/person\\\/388516ec9dbb6f9dc25a959f879cbddc\"},\"breadcrumb\":{\"@id\":\"https:\\\/\\\/rauv.pl\\\/blog\\\/tapeta-na-suficie-czy-warto-dekorowac-piata-sciane\\\/#breadcrumb\"},\"inLanguage\":\"pl-PL\",\"potentialAction\":[{\"@type\":\"ReadAction\",\"target\":[\"https:\\\/\\\/rauv.pl\\\/blog\\\/tapeta-na-suficie-czy-warto-dekorowac-piata-sciane\\\/\"]}]},{\"@type\":\"ImageObject\",\"inLanguage\":\"pl-PL\",\"@id\":\"https:\\\/\\\/rauv.pl\\\/blog\\\/tapeta-na-suficie-czy-warto-dekorowac-piata-sciane\\\/#primaryimage\",\"url\":\"https:\\\/\\\/rauv.pl\\\/blog\\\/wp-content\\\/uploads\\\/2026\\\/08\\\/zdjecia-na-blogi-2.jpg\",\"contentUrl\":\"https:\\\/\\\/rauv.pl\\\/blog\\\/wp-content\\\/uploads\\\/2026\\\/08\\\/zdjecia-na-blogi-2.jpg\",\"width\":1200,\"height\":800},{\"@type\":\"BreadcrumbList\",\"@id\":\"https:\\\/\\\/rauv.pl\\\/blog\\\/tapeta-na-suficie-czy-warto-dekorowac-piata-sciane\\\/#breadcrumb\",\"itemListElement\":[{\"@type\":\"ListItem\",\"position\":1,\"name\":\"Strona g\u0142\u00f3wna\",\"item\":\"https:\\\/\\\/rauv.pl\\\/blog\\\/\"},{\"@type\":\"ListItem\",\"position\":2,\"name\":\"Tapeta na suficie \u2013 czy warto dekorowa\u0107 \u201epi\u0105t\u0105 \u015bcian\u0119\u201d?\"}]},{\"@type\":\"WebSite\",\"@id\":\"https:\\\/\\\/rauv.pl\\\/blog\\\/#website\",\"url\":\"https:\\\/\\\/rauv.pl\\\/blog\\\/\",\"name\":\"Rauv\",\"description\":\"\",\"potentialAction\":[{\"@type\":\"SearchAction\",\"target\":{\"@type\":\"EntryPoint\",\"urlTemplate\":\"https:\\\/\\\/rauv.pl\\\/blog\\\/?s={search_term_string}\"},\"query-input\":{\"@type\":\"PropertyValueSpecification\",\"valueRequired\":true,\"valueName\":\"search_term_string\"}}],\"inLanguage\":\"pl-PL\"},{\"@type\":\"Person\",\"@id\":\"https:\\\/\\\/rauv.pl\\\/blog\\\/#\\\/schema\\\/person\\\/388516ec9dbb6f9dc25a959f879cbddc\",\"name\":\"Kasia Marciniak\",\"image\":{\"@type\":\"ImageObject\",\"inLanguage\":\"pl-PL\",\"@id\":\"https:\\\/\\\/secure.gravatar.com\\\/avatar\\\/80c64a3f49228b16e435fe238074fa4e6afc631ad50e21935ee505ea1ca43133?s=96&d=mm&r=g\",\"url\":\"https:\\\/\\\/secure.gravatar.com\\\/avatar\\\/80c64a3f49228b16e435fe238074fa4e6afc631ad50e21935ee505ea1ca43133?s=96&d=mm&r=g\",\"contentUrl\":\"https:\\\/\\\/secure.gravatar.com\\\/avatar\\\/80c64a3f49228b16e435fe238074fa4e6afc631ad50e21935ee505ea1ca43133?s=96&d=mm&r=g\",\"caption\":\"Kasia Marciniak\"},\"url\":\"https:\\\/\\\/rauv.pl\\\/blog\\\/author\\\/kasia-marciniak\\\/\"}]}<\/script>\n<!-- \/ Yoast SEO plugin. -->","yoast_head_json":{"title":"Tapeta na suficie \u2013 czy warto dekorowa\u0107 \u201epi\u0105t\u0105 \u015bcian\u0119\u201d? - Rauv","robots":{"index":"index","follow":"follow","max-snippet":"max-snippet:-1","max-image-preview":"max-image-preview:large","max-video-preview":"max-video-preview:-1"},"canonical":"https:\/\/rauv.pl\/blog\/tapeta-na-suficie-czy-warto-dekorowac-piata-sciane\/","og_locale":"pl_PL","og_type":"article","og_title":"Tapeta na suficie \u2013 czy warto dekorowa\u0107 \u201epi\u0105t\u0105 \u015bcian\u0119\u201d? - Rauv","og_description":"Przez lata sufit pozostawa\u0142 najbardziej przewidywaln\u0105 powierzchni\u0105 we wn\u0119trzu. Bia\u0142y, neutralny i w\u0142a\u015bciwie niewidoczny. Dzi\u015b coraz cz\u0119\u015bciej projektanci patrz\u0105 na niego jak na pi\u0105t\u0105 \u015bcian\u0119, kt\u00f3ra mo\u017ce sta\u0107 si\u0119 pe\u0142noprawnym elementem aran\u017cacji. Tapeta na suficie pozwala podkre\u015bli\u0107 charakter pomieszczenia, wp\u0142yn\u0105\u0107 na jego proporcje, wydzieli\u0107 konkretn\u0105 stref\u0119, a czasem stworzy\u0107 efekt, kt\u00f3rego trudno by\u0142oby osi\u0105gn\u0105\u0107 za [&hellip;]","og_url":"https:\/\/rauv.pl\/blog\/tapeta-na-suficie-czy-warto-dekorowac-piata-sciane\/","og_site_name":"Rauv","article_published_time":"2026-08-31T09:04:43+00:00","article_modified_time":"2026-08-31T11:21:29+00:00","og_image":[{"width":1200,"height":800,"url":"https:\/\/rauv.pl\/blog\/wp-content\/uploads\/2026\/08\/zdjecia-na-blogi-2.jpg","type":"image\/jpeg"}],"author":"Kasia Marciniak","twitter_card":"summary_large_image","twitter_misc":{"Napisane przez":"Kasia Marciniak","Szacowany czas czytania":"8 minut"},"schema":{"@context":"https:\/\/schema.org","@graph":[{"@type":"Article","@id":"https:\/\/rauv.pl\/blog\/tapeta-na-suficie-czy-warto-dekorowac-piata-sciane\/#article","isPartOf":{"@id":"https:\/\/rauv.pl\/blog\/tapeta-na-suficie-czy-warto-dekorowac-piata-sciane\/"},"author":{"name":"Kasia Marciniak","@id":"https:\/\/rauv.pl\/blog\/#\/schema\/person\/388516ec9dbb6f9dc25a959f879cbddc"},"headline":"Tapeta na suficie \u2013 czy warto dekorowa\u0107 \u201epi\u0105t\u0105 \u015bcian\u0119\u201d?","datePublished":"2026-08-31T09:04:43+00:00","dateModified":"2026-08-31T11:21:29+00:00","mainEntityOfPage":{"@id":"https:\/\/rauv.pl\/blog\/tapeta-na-suficie-czy-warto-dekorowac-piata-sciane\/"},"wordCount":1435,"commentCount":0,"image":{"@id":"https:\/\/rauv.pl\/blog\/tapeta-na-suficie-czy-warto-dekorowac-piata-sciane\/#primaryimage"},"thumbnailUrl":"https:\/\/rauv.pl\/blog\/wp-content\/uploads\/2026\/08\/zdjecia-na-blogi-2.jpg","keywords":["idealna tapeta do salonu","porady","tapety","wymarzona tapeta"],"articleSection":["INSPIRACJE RAUV"],"inLanguage":"pl-PL","potentialAction":[{"@type":"CommentAction","name":"Comment","target":["https:\/\/rauv.pl\/blog\/tapeta-na-suficie-czy-warto-dekorowac-piata-sciane\/#respond"]}]},{"@type":"WebPage","@id":"https:\/\/rauv.pl\/blog\/tapeta-na-suficie-czy-warto-dekorowac-piata-sciane\/","url":"https:\/\/rauv.pl\/blog\/tapeta-na-suficie-czy-warto-dekorowac-piata-sciane\/","name":"Tapeta na suficie \u2013 czy warto dekorowa\u0107 \u201epi\u0105t\u0105 \u015bcian\u0119\u201d? - Rauv","isPartOf":{"@id":"https:\/\/rauv.pl\/blog\/#website"},"primaryImageOfPage":{"@id":"https:\/\/rauv.pl\/blog\/tapeta-na-suficie-czy-warto-dekorowac-piata-sciane\/#primaryimage"},"image":{"@id":"https:\/\/rauv.pl\/blog\/tapeta-na-suficie-czy-warto-dekorowac-piata-sciane\/#primaryimage"},"thumbnailUrl":"https:\/\/rauv.pl\/blog\/wp-content\/uploads\/2026\/08\/zdjecia-na-blogi-2.jpg","datePublished":"2026-08-31T09:04:43+00:00","dateModified":"2026-08-31T11:21:29+00:00","author":{"@id":"https:\/\/rauv.pl\/blog\/#\/schema\/person\/388516ec9dbb6f9dc25a959f879cbddc"},"breadcrumb":{"@id":"https:\/\/rauv.pl\/blog\/tapeta-na-suficie-czy-warto-dekorowac-piata-sciane\/#breadcrumb"},"inLanguage":"pl-PL","potentialAction":[{"@type":"ReadAction","target":["https:\/\/rauv.pl\/blog\/tapeta-na-suficie-czy-warto-dekorowac-piata-sciane\/"]}]},{"@type":"ImageObject","inLanguage":"pl-PL","@id":"https:\/\/rauv.pl\/blog\/tapeta-na-suficie-czy-warto-dekorowac-piata-sciane\/#primaryimage","url":"https:\/\/rauv.pl\/blog\/wp-content\/uploads\/2026\/08\/zdjecia-na-blogi-2.jpg","contentUrl":"https:\/\/rauv.pl\/blog\/wp-content\/uploads\/2026\/08\/zdjecia-na-blogi-2.jpg","width":1200,"height":800},{"@type":"BreadcrumbList","@id":"https:\/\/rauv.pl\/blog\/tapeta-na-suficie-czy-warto-dekorowac-piata-sciane\/#breadcrumb","itemListElement":[{"@type":"ListItem","position":1,"name":"Strona g\u0142\u00f3wna","item":"https:\/\/rauv.pl\/blog\/"},{"@type":"ListItem","position":2,"name":"Tapeta na suficie \u2013 czy warto dekorowa\u0107 \u201epi\u0105t\u0105 \u015bcian\u0119\u201d?"}]},{"@type":"WebSite","@id":"https:\/\/rauv.pl\/blog\/#website","url":"https:\/\/rauv.pl\/blog\/","name":"Rauv","description":"","potentialAction":[{"@type":"SearchAction","target":{"@type":"EntryPoint","urlTemplate":"https:\/\/rauv.pl\/blog\/?s={search_term_string}"},"query-input":{"@type":"PropertyValueSpecification","valueRequired":true,"valueName":"search_term_string"}}],"inLanguage":"pl-PL"},{"@type":"Person","@id":"https:\/\/rauv.pl\/blog\/#\/schema\/person\/388516ec9dbb6f9dc25a959f879cbddc","name":"Kasia Marciniak","image":{"@type":"ImageObject","inLanguage":"pl-PL","@id":"https:\/\/secure.gravatar.com\/avatar\/80c64a3f49228b16e435fe238074fa4e6afc631ad50e21935ee505ea1ca43133?s=96&d=mm&r=g","url":"https:\/\/secure.gravatar.com\/avatar\/80c64a3f49228b16e435fe238074fa4e6afc631ad50e21935ee505ea1ca43133?s=96&d=mm&r=g","contentUrl":"https:\/\/secure.gravatar.com\/avatar\/80c64a3f49228b16e435fe238074fa4e6afc631ad50e21935ee505ea1ca43133?s=96&d=mm&r=g","caption":"Kasia Marciniak"},"url":"https:\/\/rauv.pl\/blog\/author\/kasia-marciniak\/"}]}},"_links":{"self":[{"href":"https:\/\/rauv.pl\/blog\/wp-json\/wp\/v2\/posts\/413","targetHints":{"allow":["GET"]}}],"collection":[{"href":"https:\/\/rauv.pl\/blog\/wp-json\/wp\/v2\/posts"}],"about":[{"href":"https:\/\/rauv.pl\/blog\/wp-json\/wp\/v2\/types\/post"}],"author":[{"embeddable":true,"href":"https:\/\/rauv.pl\/blog\/wp-json\/wp\/v2\/users\/3"}],"replies":[{"embeddable":true,"href":"https:\/\/rauv.pl\/blog\/wp-json\/wp\/v2\/comments?post=413"}],"version-history":[{"count":4,"href":"https:\/\/rauv.pl\/blog\/wp-json\/wp\/v2\/posts\/413\/revisions"}],"predecessor-version":[{"id":423,"href":"https:\/\/rauv.pl\/blog\/wp-json\/wp\/v2\/posts\/413\/revisions\/423"}],"wp:featuredmedia":[{"embeddable":true,"href":"https:\/\/rauv.pl\/blog\/wp-json\/wp\/v2\/media\/416"}],"wp:attachment":[{"href":"https:\/\/rauv.pl\/blog\/wp-json\/wp\/v2\/media?parent=413"}],"wp:term":[{"taxonomy":"category","embeddable":true,"href":"https:\/\/rauv.pl\/blog\/wp-json\/wp\/v2\/categories?post=413"},{"taxonomy":"post_tag","embeddable":true,"href":"https:\/\/rauv.pl\/blog\/wp-json\/wp\/v2\/tags?post=413"}],"curies":[{"name":"wp","href":"https:\/\/api.w.org\/{rel}","templated":true}]}}